{"id":5317,"date":"2020-10-21T17:46:35","date_gmt":"2020-10-21T15:46:35","guid":{"rendered":"http:\/\/tibble.nu\/campus-kista\/?p=5317"},"modified":"2021-08-16T11:14:45","modified_gmt":"2021-08-16T09:14:45","slug":"forsta-projektveckan-ar-igang","status":"publish","type":"post","link":"https:\/\/tibble.nu\/campus-kista\/forsta-projektveckan-ar-igang\/","title":{"rendered":"F\u00f6rsta projektveckan \u00e4r ig\u00e5ng!"},"content":{"rendered":"<p><span data-contrast=\"none\">Innan eleverna p\u00e5\u00a0<\/span><span data-contrast=\"none\">Tibble<\/span><span data-contrast=\"none\">\u00a0Gymnasium Campus Kista g\u00e5r p\u00e5 h\u00f6stlov ska de under en vecka arbeta i grupp med olika projekt utifr\u00e5n de globala m\u00e5len. Projektveckan \u00e4r den f\u00f6rsta av fyra som kommer genomf\u00f6ras varje l\u00e4s\u00e5r p\u00e5 skolan och det ska b\u00e5de l\u00e4ra eleverna att arbeta i grupp men ocks\u00e5 se till att de har h\u00e5llbar utveckling i fokus oavsett vilket program de l\u00e4ser. Martin\u00a0<\/span><span data-contrast=\"none\">Hyren<\/span><span data-contrast=\"none\">\u00a0\u00e4r l\u00e4rare i\u00a0<\/span><span data-contrast=\"none\">historia och samh\u00e4llskunskap\u00a0<\/span><span data-contrast=\"none\">p\u00e5 skolan och han menar att projektveckorna \u00e4r ett bra s\u00e4tt att f\u00f6rbereda eleverna p\u00e5 hur deras arbetsliv kommer se ut.\u00a0<\/span><span data-ccp-props=\"{&quot;201341983&quot;:0,&quot;335559739&quot;:160,&quot;335559740&quot;:259}\">\u00a0<\/span><\/p>\n<p><span data-contrast=\"none\">&#8211; Vi vet inte exakt vad vi kommer arbeta med i framtiden f\u00f6rutom att det med stor sannolikhet kommer handla om h\u00e5llbar utveckling och att n\u00e5 de globala m\u00e5len, ber\u00e4ttar Martin. Han f\u00f6rklarar att det d\u00e4rf\u00f6r \u00e4r viktigt att veta hur man arbetar i grupp, hur man l\u00e4r sig nya saker samt att man inte ska ge upp, vilket eleverna kommer arbeta med under sina projektveckor.\u00a0<\/span><span data-ccp-props=\"{&quot;134233279&quot;:true,&quot;201341983&quot;:0,&quot;335559739&quot;:160,&quot;335559740&quot;:259}\">\u00a0<\/span><\/p>\n<p><span data-contrast=\"none\">Under l\u00e4s\u00e5rets f\u00f6rsta projektvecka kommer eleverna i ekonomi- och samh\u00e4llsprogrammet j\u00e4mf\u00f6ra j\u00e4mst\u00e4lldhet idag med hur det s\u00e5g ut vid sekelskiftet, f\u00f6r att p\u00e5 s\u00e5 s\u00e4tt komma fram till hur vi ska n\u00e5 de globala m\u00e5len. Naturelevernas projekt handlar om det globala m\u00e5let h\u00e4lsa och v\u00e4lbefinnande. Deras uppgift \u00e4r att analyser hur olika p\u00e5bud under COVID-19, som munskydd och\u00a0lockdown, p\u00e5verkar den globala h\u00e4lsan. Gemensamt f\u00f6r de olika programmen \u00e4r att de i slutet av projektveckan ska presentera deras slutsatser med en film som inte bara ska synas p\u00e5 skolan, utan f\u00f6rhoppningsvis \u00e4ven kunna spridas och g\u00f6ra skillnad.\u00a0<\/span><span data-ccp-props=\"{&quot;201341983&quot;:0,&quot;335559739&quot;:160,&quot;335559740&quot;:259}\">\u00a0<\/span><\/p>\n<p><span data-contrast=\"none\">&#8211; Syftet med projektveckorna \u00e4r ocks\u00e5 att eleverna ska f\u00e5 g\u00f6ra avtryck, f\u00f6rklarar Martin som ber\u00e4ttar att eleverna har i uppgift att kontakta riktiga akt\u00f6rer i arbetslivet n\u00e4r de arbetar med sina projekt.<\/span><span data-ccp-props=\"{&quot;134233279&quot;:true,&quot;201341983&quot;:0,&quot;335559739&quot;:160,&quot;335559740&quot;:259}\">\u00a0<\/span><\/p>\n","protected":false},"excerpt":{"rendered":"<p>Innan eleverna p\u00e5\u00a0Tibble\u00a0Gymnasium Campus Kista g\u00e5r p\u00e5 h\u00f6stlov ska de under en vecka arbeta i grupp med olika projekt utifr\u00e5n de globala m\u00e5len. Projektveckan \u00e4r den f\u00f6rsta av fyra som kommer genomf\u00f6ras varje l\u00e4s\u00e5r p\u00e5 skolan och det ska b\u00e5de&#8230;<\/p>\n","protected":false},"author":14,"featured_media":0,"comment_status":"closed","ping_status":"closed","sticky":false,"template":"","format":"standard","meta":{"footnotes":""},"categories":[1],"tags":[],"class_list":["post-5317","post","type-post","status-publish","format-standard","hentry","category-okategoriserade"],"acf":[],"_links":{"self":[{"href":"https:\/\/tibble.nu\/campus-kista\/wp-json\/wp\/v2\/posts\/5317","targetHints":{"allow":["GET"]}}],"collection":[{"href":"https:\/\/tibble.nu\/campus-kista\/wp-json\/wp\/v2\/posts"}],"about":[{"href":"https:\/\/tibble.nu\/campus-kista\/wp-json\/wp\/v2\/types\/post"}],"author":[{"embeddable":true,"href":"https:\/\/tibble.nu\/campus-kista\/wp-json\/wp\/v2\/users\/14"}],"replies":[{"embeddable":true,"href":"https:\/\/tibble.nu\/campus-kista\/wp-json\/wp\/v2\/comments?post=5317"}],"version-history":[{"count":1,"href":"https:\/\/tibble.nu\/campus-kista\/wp-json\/wp\/v2\/posts\/5317\/revisions"}],"predecessor-version":[{"id":5318,"href":"https:\/\/tibble.nu\/campus-kista\/wp-json\/wp\/v2\/posts\/5317\/revisions\/5318"}],"wp:attachment":[{"href":"https:\/\/tibble.nu\/campus-kista\/wp-json\/wp\/v2\/media?parent=5317"}],"wp:term":[{"taxonomy":"category","embeddable":true,"href":"https:\/\/tibble.nu\/campus-kista\/wp-json\/wp\/v2\/categories?post=5317"},{"taxonomy":"post_tag","embeddable":true,"href":"https:\/\/tibble.nu\/campus-kista\/wp-json\/wp\/v2\/tags?post=5317"}],"curies":[{"name":"wp","href":"https:\/\/api.w.org\/{rel}","templated":true}]}}